{"id":3340,"date":"2026-07-13T18:11:24","date_gmt":"2026-07-13T21:11:24","guid":{"rendered":"https:\/\/intranet.datawises.com.br\/?p=3340"},"modified":"2026-07-14T11:05:45","modified_gmt":"2026-07-14T14:05:45","slug":"%f0%9f%93%b0-comunicado-13-07-2026","status":"publish","type":"post","link":"https:\/\/intranet.datawises.com.br\/?p=3340","title":{"rendered":"\ud83d\udcf0 Comunicado 13\/07\/2026"},"content":{"rendered":"\n<h1 class=\"wp-block-heading\">Alerta de golpe!<\/h1>\n\n\n\n<figure class=\"wp-block-image aligncenter\"><img decoding=\"async\" src=\"https:\/\/www.sesc-am.com.br\/wp-content\/uploads\/2026\/07\/banner-materia-1-640x286.jpg\" alt=\"\" class=\"wp-image-25923\"\/><\/figure>\n\n\n\n<p class=\"wp-block-paragraph\">O Sesc Amazonas alerta a popula\u00e7\u00e3o sobre uma tentativa de golpe que utiliza o nome da institui\u00e7\u00e3o em falsos processos de recrutamento e sele\u00e7\u00e3o.<\/p>\n\n\n\n<p class=\"wp-block-paragraph\">Golpistas entram em contato com candidatos informando uma suposta aprova\u00e7\u00e3o em vaga de emprego e solicitam o pagamento de uma taxa, via PIX, alegando que o valor seria destinado \u00e0 compra de uniforme ou \u00e0 realiza\u00e7\u00e3o de exames admissionais.<\/p>\n\n\n\n<p class=\"wp-block-paragraph\"><strong>Fique atento!<\/strong><\/p>\n\n\n\n<p class=\"wp-block-paragraph\">\u2022 O Sesc Amazonas n\u00e3o solicita pagamentos para participa\u00e7\u00e3o em processos seletivos.<br>\u2022 N\u00e3o cobra taxas para exames admissionais, uniformes ou qualquer etapa do processo de contrata\u00e7\u00e3o.<br>\u2022 Todas as informa\u00e7\u00f5es sobre vagas e processos seletivos s\u00e3o divulgadas exclusivamente pelos canais oficiais da institui\u00e7\u00e3o.<\/p>\n\n\n\n<p class=\"wp-block-paragraph\">Se receber uma mensagem com esse tipo de solicita\u00e7\u00e3o, n\u00e3o realize pagamentos, n\u00e3o compartilhe seus dados pessoais e entre em contato com o Sesc Amazonas para confirmar a autenticidade da informa\u00e7\u00e3o.<\/p>\n\n\n\n<p class=\"wp-block-paragraph\">Compartilhe este alerta e ajude a prevenir novas v\u00edtimas. Juntos, podemos combater esse tipo de fraude.<\/p>\n\n\n\n<h1 class=\"wp-block-heading\">Sesc Amazonas realiza Festival Folcl\u00f3rico no Clube Municipal em agosto<\/h1>\n\n\n\n<figure class=\"wp-block-image\"><img decoding=\"async\" src=\"https:\/\/www.sesc-am.com.br\/wp-content\/uploads\/2026\/07\/materia.jpg\" alt=\"\" class=\"wp-image-25918\"\/><\/figure>\n\n\n\n<p class=\"wp-block-paragraph\">Entre os dias 26, 27, 28 e 29 de agosto, o Sesc Amazonas vai realizar o Festival Folcl\u00f3rico, com apresenta\u00e7\u00f5es musicais, dan\u00e7as e gastronomia para as fam\u00edlias amazonenses. Este ano, o evento vai acontecer no Clube Municipal com entrada gratuita.&nbsp;<\/p>\n\n\n\n<p class=\"wp-block-paragraph\">Em breve mais informa\u00e7\u00f5es sobre o evento.<\/p>\n\n\n\n<h1 class=\"wp-block-heading\">Entre praias e cachoeiras, Sesc Amazonas divulga programa\u00e7\u00e3o de passeios para o Ver\u00e3o Amaz\u00f4nico<\/h1>\n\n\n\n<figure class=\"wp-block-image aligncenter\"><img decoding=\"async\" src=\"https:\/\/www.sesc-am.com.br\/wp-content\/uploads\/2026\/07\/banner-materia-praia-do-tupe.png\" alt=\"\" class=\"wp-image-25876\"\/><\/figure>\n\n\n\n<p class=\"wp-block-paragraph\">Com a chegada do Ver\u00e3o Amaz\u00f4nico e o aumento das temperaturas na regi\u00e3o, o Sesc Amazonas divulgou a programa\u00e7\u00e3o de passeios para a temporada, com roteiros entre julho e novembro para praias, cachoeiras, flutuantes e balne\u00e1rios na regi\u00e3o metropolitana de Manaus.&nbsp;<\/p>\n\n\n\n<p class=\"wp-block-paragraph\">A iniciativa oferece op\u00e7\u00f5es de lazer com seguran\u00e7a, conforto e acompanhamento especializado para fam\u00edlias, grupos de amigos e visitantes interessados em conhecer atrativos naturais do Amazonas.<\/p>\n\n\n\n<p class=\"wp-block-paragraph\">A programa\u00e7\u00e3o come\u00e7a no dia 11 de julho, com passeio ao Cirandeira Bela, seguido da Praia do Tup\u00e9, no dia 18 de julho, e do Restaurante da Keila, no dia 25.&nbsp;<\/p>\n\n\n\n<p class=\"wp-block-paragraph\">Em agosto, os destinos ser\u00e3o o Flutuante Solar de Tup\u00e3 e a cachoeira Natal Falls. Em setembro, os viajantes ir\u00e3o para a Cachoeira do \u00c9den e para o Balne\u00e1rio Apoema. Em outubro, est\u00e3o previstos passeios para a Cachoeira da Porteira, Praia do A\u00e7utuba e Hope Bay Park.<\/p>\n\n\n\n<p class=\"wp-block-paragraph\">Encerrando a programa\u00e7\u00e3o, novembro ter\u00e1 passeios para o Balne\u00e1rio Tr\u00eas Irm\u00e3os, Complexo do Mutum e Balne\u00e1rio do Peres.<\/p>\n\n\n\n<p class=\"wp-block-paragraph\">Os valores variam de R$ 75 a R$ 185, com tarifas diferenciadas para trabalhadores do com\u00e9rcio e seus dependentes. Todos os roteiros incluem seguro viagem, transporte, ingressos e guia credenciado.&nbsp;<\/p>\n\n\n\n<p class=\"wp-block-paragraph\">As vagas s\u00e3o limitadas e abertas ao p\u00fablico. Os pacotes podem ser adquiridos no Sesc Centro (Rua Henrique Martins, n\u00ba 427), de segunda a sexta-feira, das 8h \u00e0s 17h30; no Sesc Balne\u00e1rio (Avenida Constantinopla, n\u00ba 288, Alvorada\/Campos El\u00edseos), tamb\u00e9m durante a semana, das 6h30 \u00e0s 16h30; e no Sesc Ler Cidade Nova, na Rua Visconde de Itanha\u00e9m, n\u00ba 94 (segunda a sexta-feira, das 8h \u00e0s 17h).<\/p>\n\n\n\n<p class=\"wp-block-paragraph\">Para mais informa\u00e7\u00f5es, os interessados podem acessar o site www.sesc-am.com.br ou entrar em contato via WhatsApp: (92) 98127-3777 ou (92) 98415-7883.<\/p>\n\n\n\n<p class=\"wp-block-paragraph\"><strong>Turismo Social<\/strong><\/p>\n\n\n\n<p class=\"wp-block-paragraph\">Pioneiro em Turismo Social no Brasil, o Sesc desenvolve a\u00e7\u00f5es que ampliam o acesso ao lazer por meio de viagens organizadas e acess\u00edveis. No Amazonas, a programa\u00e7\u00e3o contempla cerca de 10 destinos locais, promovendo experi\u00eancias de integra\u00e7\u00e3o, cultura e conviv\u00eancia aos participantes.<\/p>\n\n\n\n<h1 class=\"wp-block-heading\">Sesc Amazonas realiza formatura dos alunos da Educa\u00e7\u00e3o de Jovens e Adultos<\/h1>\n\n\n\n<figure class=\"wp-block-image aligncenter\"><img decoding=\"async\" src=\"https:\/\/www.sesc-am.com.br\/wp-content\/uploads\/2026\/06\/banner-materia-formatura-eja.png\" alt=\"\" class=\"wp-image-25791\"\/><\/figure>\n\n\n\n<p class=\"wp-block-paragraph\">Na \u00faltima quinta-feira (25), o Sesc Amazonas realizou a cerim\u00f4nia de cola\u00e7\u00e3o de grau dos estudantes do Ensino M\u00e9dio da Educa\u00e7\u00e3o de Jovens e Adultos (EJA), do Centro Educacional Danilo de Matos Areosa. A solenidade ocorreu no Sal\u00e3o de Eventos Zezinho Corr\u00eaa, na Unidade Sesc Balne\u00e1rio, em Manaus.&nbsp;<\/p>\n\n\n\n<p class=\"wp-block-paragraph\">Foram cerca de 30 alunos da EJA presencial e a dist\u00e2ncia. Durante a cerim\u00f4nia, os oradores das duas modalidades relembraram momentos especiais com as turmas, desafios enfrentados, experi\u00eancias e descobertas.&nbsp;<\/p>\n\n\n\n<p class=\"wp-block-paragraph\">\u201cAqui existem m\u00e3es e pais que trocaram horas de descanso por horas de estudo. Trabalhadores que sa\u00edam do servi\u00e7o direto para a sala de aula. Pessoas que enfrentaram \u00f4nibus lotados, dificuldades financeiras, problemas familiares, doen\u00e7as, cansa\u00e7o e, muitas vezes, a pr\u00f3pria inseguran\u00e7a, mas hoje entendemos que sonhos adiados n\u00e3o s\u00e3o sonhos mortos,\u201d disse a aluna Josiany Colares.<\/p>\n\n\n\n<figure class=\"wp-block-image aligncenter\"><img decoding=\"async\" src=\"https:\/\/www.sesc-am.com.br\/wp-content\/uploads\/2026\/06\/25062026-DSC06871-640x361.jpg\" alt=\"\" class=\"wp-image-25792\"\/><\/figure>\n\n\n\n<p class=\"wp-block-paragraph\">Ao representar o corpo docente da EJA EAD, a professora Sarah Raquel enfatizou o poder transformador da educa\u00e7\u00e3o e o impacto que a conquista dos formandos tem sobre todos que acompanharam essa jornada.<\/p>\n\n\n\n<p class=\"wp-block-paragraph\">\u201cVoc\u00eas transformaram suas pr\u00f3prias hist\u00f3rias. E, ao fazer isso, tamb\u00e9m transformaram as vidas das pessoas que caminham ao lado de voc\u00eas: seus filhos, suas fam\u00edlias, seus amigos e sua comunidade. Que voc\u00eas continuem construindo suas hist\u00f3rias com coragem, autonomia e confian\u00e7a, sem jamais abandonar os sonhos que os trouxeram at\u00e9 aqui\u201d, destacou .&nbsp;<\/p>\n\n\n\n<figure class=\"wp-block-image aligncenter\"><img decoding=\"async\" src=\"https:\/\/www.sesc-am.com.br\/wp-content\/uploads\/2026\/06\/25062026-DSC06880-640x361.jpg\" alt=\"\" class=\"wp-image-25793\"\/><\/figure>\n\n\n\n<p class=\"wp-block-paragraph\">A cerim\u00f4nia contou com a presen\u00e7a do Diretor da Fecom\u00e9rcio-AM, Jos\u00e9 Roberto Tadros Jr., representando o presidente do Sistema Fecom\u00e9rcio-Sesc-Senac Amazonas, Aderson Frota, e do membro do Conselho do Sesc, Francisco Matos.<\/p>\n\n\n\n<p class=\"wp-block-paragraph\">Para o diretor, o compromisso com a educa\u00e7\u00e3o est\u00e1 ligado com os valores do Sistema Com\u00e9rcio.<\/p>\n\n\n\n<p class=\"wp-block-paragraph\">\u201cO Sesc tem na educa\u00e7\u00e3o uma de suas principais frentes de trabalho porque acreditamos que a forma\u00e7\u00e3o humana \u00e9 um elemento essencial para o crescimento social e econ\u00f4mico da nossa regi\u00e3o. Ent\u00e3o que esta etapa conclu\u00edda seja motivo de orgulho e incentivo para os pr\u00f3ximos desafios que certamente vir\u00e3o\u201d, frisou Jos\u00e9 Roberto Tadros Jr.<\/p>\n\n\n\n<h1 class=\"wp-block-heading\">Exposi\u00e7\u00e3o Arte Rupestre e Realidade Virtual tem abertura remarcada para 10 de julho<\/h1>\n\n\n\n<figure class=\"wp-block-image aligncenter\"><img decoding=\"async\" src=\"https:\/\/www.sesc-am.com.br\/wp-content\/uploads\/2026\/07\/MATERIA-PERIODO-640x286.jpg\" alt=\"\" class=\"wp-image-25852\"\/><\/figure>\n\n\n\n<p class=\"wp-block-paragraph\"><strong><a href=\"https:\/\/wa.me\/5592981274130\" target=\"_blank\" rel=\"noreferrer noopener\">Clique aqui&nbsp; e fa\u00e7a o agendamento<\/a><\/strong><\/p>\n\n\n\n<p class=\"wp-block-paragraph\">A exposi\u00e7\u00e3o Arte Rupestre e Realidade Virtual, que seria realizada entre 10 de julho a 15 de agosto teve sua abertura remarcada em raz\u00e3o da etapa final de montagem da mostra. A inaugura\u00e7\u00e3o ser\u00e1 realizada no dia 10 de julho, \u00e0s 18h, na Galeria de Artes Moacir Andrade, no Sesc Centro, situado na Rua Henrique Martins, 427, Centro.<\/p>\n\n\n\n<p class=\"wp-block-paragraph\">O p\u00fablico poder\u00e1 prestigiar a exposi\u00e7\u00e3o de forma gratuita at\u00e9 o dia 15 de agosto, de segunda a sexta-feira, das 9h \u00e0s 16h, e aos s\u00e1bados, das 9h \u00e0s 12h, mediante agendamento no WhatsApp: (92) 98127-4130.&nbsp;<\/p>\n\n\n\n<p class=\"wp-block-paragraph\"><strong>Sobre a exposi\u00e7\u00e3o<\/strong><\/p>\n\n\n\n<p class=\"wp-block-paragraph\">Com realidade virtual e realidade aumentada, a iniciativa apresenta document\u00e1rios e fotografias de tr\u00eas dos mais importantes s\u00edtios arqueol\u00f3gicos brasileiros. O objetivo \u00e9 aproximar as novas gera\u00e7\u00f5es da arte rupestre brasileira, que re\u00fane alguns dos vest\u00edgios mais antigos da presen\u00e7a humana no continente americano. Essas descobertas recolocam a chegada do ser humano ao continente 30 mil anos antes do que se imaginava.<\/p>\n\n\n\n<p class=\"wp-block-paragraph\">A exposi\u00e7\u00e3o vai conduzir o visitante a uma viagem sobre a necessidade ancestral humana de produzir arte, em um circuito interativo que proporciona ao p\u00fablico experi\u00eancias imersivas que simulam, com uso de \u00f3culos de realidade virtual, a visita a uma caverna com desenhos e inscri\u00e7\u00f5es rupestres.&nbsp;<\/p>\n\n\n\n<p class=\"wp-block-paragraph\">Os visitantes tamb\u00e9m v\u00e3o navegar em um mapa que apresenta, por meio da realidade aumentada, os movimentos migrat\u00f3rios que levaram \u00e0 ocupa\u00e7\u00e3o das Am\u00e9ricas, tudo em um ambiente digital criado para a mostra.<\/p>\n\n\n\n<p class=\"wp-block-paragraph\">Os minidocument\u00e1rios e registros fotogr\u00e1ficos que integram a exposi\u00e7\u00e3o foram produzidos na Serra da Capivara, no Piau\u00ed; no Perua\u00e7u, em Minas Gerais; e em Monte Alegre, no Par\u00e1.<\/p>\n\n\n\n<h1 class=\"wp-block-heading\">Feijoada da Vit\u00f3ria celebra t\u00edtulo do Boi Caprichoso no Parque Aqu\u00e1tico do Sesc<\/h1>\n\n\n\n<figure class=\"wp-block-image aligncenter\"><img decoding=\"async\" src=\"https:\/\/www.sesc-am.com.br\/wp-content\/uploads\/2026\/07\/banner-materia.jpg\" alt=\"\" class=\"wp-image-25868\"\/><\/figure>\n\n\n\n<p class=\"wp-block-paragraph\"><em>Programa\u00e7\u00e3o contar\u00e1 com diversos shows e transmiss\u00e3o do jogo Brasil x Noruega<\/em><\/p>\n\n\n\n<p class=\"wp-block-paragraph\">Neste domingo (5), a torcida do Boi Caprichoso vai comemorar o t\u00edtulo de campe\u00e3o do 59\u00ba Festival de Parintins na Feijoada da Vit\u00f3ria, evento realizado pelo Sesc Amazonas, no Parque Aqu\u00e1tico do Sesc. A entrada \u00e9 solid\u00e1ria mediante a doa\u00e7\u00e3o de dois quilos de alimentos n\u00e3o perec\u00edveis.<\/p>\n\n\n\n<p class=\"wp-block-paragraph\">A partir das 8h, o p\u00fablico poder\u00e1 prestigiar shows musicais e as op\u00e7\u00f5es de lazer oferecidas na unidade, como piscina adulto e infantil e quadra de areia. A programa\u00e7\u00e3o contar\u00e1 com a presen\u00e7a dos itens oficiais Edmundo Oran (Apresentador), Marciele Albuquerque (Cunh\u00e3-Poranga), Valentina Cid (Sinhazinha da Fazenda), Boi Caprichoso e Marujada de Guerra, al\u00e9m do Grupo Kboclos.<\/p>\n\n\n\n<p class=\"wp-block-paragraph\">\u00c0s 16h, haver\u00e1 a transmiss\u00e3o do jogo do Brasil contra a Noruega na Copa do Mundo. Ap\u00f3s o jogo, o cantor Uendel Pinheiro se apresenta no palco da Feijoada da Vit\u00f3ria, encerrando a programa\u00e7\u00e3o.<\/p>\n\n\n\n<p class=\"wp-block-paragraph\">O buffet livre da feijoada ser\u00e1 vendido por R$ 45. Al\u00e9m disso, o local conta com diversas op\u00e7\u00f5es de refei\u00e7\u00e3o e bebidas.<\/p>\n\n\n\n<p class=\"wp-block-paragraph\">A troca de alimentos pelo ingresso pode ser realizada antecipadamente nas unidades Sesc Centro (8h \u00e0s 17h30) e Sesc Balne\u00e1rio (6h30 \u00e0s 16h30), em Manaus. O local est\u00e1 sujeito \u00e0 lota\u00e7\u00e3o m\u00e1xima.<\/p>\n\n\n\n<p class=\"wp-block-paragraph\">No domingo, a troca ser\u00e1 somente no local do evento, at\u00e9 16h30. Todos os alimentos arrecadados ser\u00e3o destinados \u00e0s institui\u00e7\u00f5es credenciadas no Sesc Mesa Brasil que atendem pessoas em situa\u00e7\u00e3o de vulnerabilidade social.<\/p>\n\n\n\n<p class=\"wp-block-paragraph\"><strong>Programa\u00e7\u00e3o atualizada<\/strong><\/p>\n\n\n\n<p class=\"wp-block-paragraph\">8h \u2013 Abertura do Parque Aqu\u00e1tico<\/p>\n\n\n\n<p class=\"wp-block-paragraph\">8h \u2013 Apresenta\u00e7\u00e3o de DJ&nbsp;<\/p>\n\n\n\n<p class=\"wp-block-paragraph\">10h \u2013 Voz e viol\u00e3o: Belford Aguiar<\/p>\n\n\n\n<p class=\"wp-block-paragraph\">11h15 \u2013 Show de Uendel Pinheiro<\/p>\n\n\n\n<p class=\"wp-block-paragraph\">13h \u00e0s 15h50 \u2013 Show do Boi Caprichoso<\/p>\n\n\n\n<p class=\"wp-block-paragraph\">16h \u2013 Transmiss\u00e3o do jogo<\/p>\n\n\n\n<p class=\"wp-block-paragraph\">18h15 \u2013 Encerramento<\/p>\n","protected":false},"excerpt":{"rendered":"<p>Publica\u00e7\u00e3o di\u00e1ria com as informa\u00e7\u00f5es internas do SESC Amazonas.<\/p>\n","protected":false},"author":1,"featured_media":3350,"comment_status":"open","ping_status":"open","sticky":false,"template":"","format":"standard","meta":{"footnotes":""},"categories":[1],"tags":[],"class_list":["post-3340","post","type-post","status-publish","format-standard","has-post-thumbnail","hentry","category-sem-categoria"],"blocksy_meta":[],"_links":{"self":[{"href":"https:\/\/intranet.datawises.com.br\/index.php?rest_route=\/wp\/v2\/posts\/3340","targetHints":{"allow":["GET"]}}],"collection":[{"href":"https:\/\/intranet.datawises.com.br\/index.php?rest_route=\/wp\/v2\/posts"}],"about":[{"href":"https:\/\/intranet.datawises.com.br\/index.php?rest_route=\/wp\/v2\/types\/post"}],"author":[{"embeddable":true,"href":"https:\/\/intranet.datawises.com.br\/index.php?rest_route=\/wp\/v2\/users\/1"}],"replies":[{"embeddable":true,"href":"https:\/\/intranet.datawises.com.br\/index.php?rest_route=%2Fwp%2Fv2%2Fcomments&post=3340"}],"version-history":[{"count":2,"href":"https:\/\/intranet.datawises.com.br\/index.php?rest_route=\/wp\/v2\/posts\/3340\/revisions"}],"predecessor-version":[{"id":3351,"href":"https:\/\/intranet.datawises.com.br\/index.php?rest_route=\/wp\/v2\/posts\/3340\/revisions\/3351"}],"wp:featuredmedia":[{"embeddable":true,"href":"https:\/\/intranet.datawises.com.br\/index.php?rest_route=\/wp\/v2\/media\/3350"}],"wp:attachment":[{"href":"https:\/\/intranet.datawises.com.br\/index.php?rest_route=%2Fwp%2Fv2%2Fmedia&parent=3340"}],"wp:term":[{"taxonomy":"category","embeddable":true,"href":"https:\/\/intranet.datawises.com.br\/index.php?rest_route=%2Fwp%2Fv2%2Fcategories&post=3340"},{"taxonomy":"post_tag","embeddable":true,"href":"https:\/\/intranet.datawises.com.br\/index.php?rest_route=%2Fwp%2Fv2%2Ftags&post=3340"}],"curies":[{"name":"wp","href":"https:\/\/api.w.org\/{rel}","templated":true}]}}